{"id":998,"date":"2024-08-21T23:14:42","date_gmt":"2024-08-21T20:14:42","guid":{"rendered":"https:\/\/www.bozodujfalu.eu\/?p=998"},"modified":"2024-08-21T23:14:42","modified_gmt":"2024-08-21T20:14:42","slug":"360-os-panoramakep","status":"publish","type":"post","link":"https:\/\/www.bozodujfalu.eu\/index.php\/2024\/08\/21\/360-os-panoramakep\/","title":{"rendered":"360\u00b0-os panor\u00e1mak\u00e9p"},"content":{"rendered":"\n<p>Az \u00d6sszetartoz\u00e1s Templom\u00e1r\u00f3l Mih\u00e1lyde\u00e1k Antal a <a href=\"https:\/\/panovisual.ro\/index.php\/hu\/\">Panovisual<\/a> tulajdonosa a <a href=\"https:\/\/templomaink.eu\/index.php\/360-setak\/bozodujfalusi-okumenikus-templom\">Templomaink a K\u00e1rp\u00e1t-medenc\u00e9ben<\/a> virtu\u00e1lis s\u00e9t\u00e1k sorozatba elk\u00e9sz\u00edtette a 360\u00b0-os panor\u00e1mak\u00e9pet. <\/p>\n\n\n\n<p>Ez a k\u00e9p megtekinthet\u0151 a <a href=\"https:\/\/templomaink.eu\/index.php\/360-setak\/bozodujfalusi-okumenikus-templom\">templomaink.eu<\/a> odalon, valamint <a href=\"https:\/\/www.google.com\/maps\/place\/Az+els%C3%BCllyedt+templom+(%C3%96sszetartoz%C3%A1s+temploma)\/@46.4227247,24.9027668,17z\/data=!3m1!4b1!4m6!3m5!1s0x474ba9274f3ecbd3:0xd252b240c3596b2d!8m2!3d46.4227247!4d24.9053417!16s%2Fg%2F11j7yzqp87?entry=ttu\">Google t\u00e9rk\u00e9pen<\/a>.<\/p>\n\n\n\n\n<iframe src=\"https:\/\/www.google.com\/maps\/embed?pb=!4v1724267842029!6m8!1m7!1sCAoSLEFGMVFpcE5sWmVXb1hnVWFyaDFidXZmcHY1Q29UVU1pejM0OVFBMHVZSVkw!2m2!1d46.422317428815!2d24.90506690498!3f27.54611101712421!4f-10.270968347195947!5f0.4000000000000002\" width=100% height=\"450\" style=\"border:0;\" allowfullscreen=\"\" loading=\"lazy\" referrerpolicy=\"no-referrer-when-downgrade\"><\/iframe>\n\n","protected":false},"excerpt":{"rendered":"<p>Az \u00d6sszetartoz\u00e1s Templom\u00e1r\u00f3l Mih\u00e1lyde\u00e1k Antal a Panovisual tulajdonosa a Templomaink a K\u00e1rp\u00e1t-medenc\u00e9ben virtu\u00e1lis s\u00e9t\u00e1k sorozatba elk\u00e9sz\u00edtette a 360\u00b0-os panor\u00e1mak\u00e9pet. Ez a k\u00e9p megtekinthet\u0151 a templomaink.eu odalon, valamint Google t\u00e9rk\u00e9pen.<\/p>\n","protected":false},"author":1,"featured_media":994,"comment_status":"closed","ping_status":"","sticky":false,"template":"","format":"standard","meta":{"_kad_post_transparent":"","_kad_post_title":"","_kad_post_layout":"","_kad_post_sidebar_id":"","_kad_post_content_style":"","_kad_post_vertical_padding":"","_kad_post_feature":"","_kad_post_feature_position":"","_kad_post_header":false,"_kad_post_footer":false,"footnotes":""},"categories":[8],"tags":[],"class_list":["post-998","post","type-post","status-publish","format-standard","has-post-thumbnail","hentry","category-osszetartozas-temploma"],"_links":{"self":[{"href":"https:\/\/www.bozodujfalu.eu\/index.php\/wp-json\/wp\/v2\/posts\/998","targetHints":{"allow":["GET"]}}],"collection":[{"href":"https:\/\/www.bozodujfalu.eu\/index.php\/wp-json\/wp\/v2\/posts"}],"about":[{"href":"https:\/\/www.bozodujfalu.eu\/index.php\/wp-json\/wp\/v2\/types\/post"}],"author":[{"embeddable":true,"href":"https:\/\/www.bozodujfalu.eu\/index.php\/wp-json\/wp\/v2\/users\/1"}],"replies":[{"embeddable":true,"href":"https:\/\/www.bozodujfalu.eu\/index.php\/wp-json\/wp\/v2\/comments?post=998"}],"version-history":[{"count":1,"href":"https:\/\/www.bozodujfalu.eu\/index.php\/wp-json\/wp\/v2\/posts\/998\/revisions"}],"predecessor-version":[{"id":999,"href":"https:\/\/www.bozodujfalu.eu\/index.php\/wp-json\/wp\/v2\/posts\/998\/revisions\/999"}],"wp:featuredmedia":[{"embeddable":true,"href":"https:\/\/www.bozodujfalu.eu\/index.php\/wp-json\/wp\/v2\/media\/994"}],"wp:attachment":[{"href":"https:\/\/www.bozodujfalu.eu\/index.php\/wp-json\/wp\/v2\/media?parent=998"}],"wp:term":[{"taxonomy":"category","embeddable":true,"href":"https:\/\/www.bozodujfalu.eu\/index.php\/wp-json\/wp\/v2\/categories?post=998"},{"taxonomy":"post_tag","embeddable":true,"href":"https:\/\/www.bozodujfalu.eu\/index.php\/wp-json\/wp\/v2\/tags?post=998"}],"curies":[{"name":"wp","href":"https:\/\/api.w.org\/{rel}","templated":true}]}}